{"id":8523,"date":"2015-11-03T09:04:29","date_gmt":"2015-11-03T12:04:29","guid":{"rendered":"https:\/\/www.inet.edu.ar\/?p=8523"},"modified":"2015-11-04T12:12:03","modified_gmt":"2015-11-04T15:12:03","slug":"se-firmo-un-convenio-marco-de-cooperacion-entre-el-inet-la-dnv-y-el-inspt-para-fortalecer-la-industria-argentina","status":"publish","type":"post","link":"https:\/\/www.inet.edu.ar\/index.php\/se-firmo-un-convenio-marco-de-cooperacion-entre-el-inet-la-dnv-y-el-inspt-para-fortalecer-la-industria-argentina\/","title":{"rendered":"Se firm\u00f3 un convenio marco de cooperaci\u00f3n entre el INET, la DNV y el INSPT para fortalecer la industria argentina"},"content":{"rendered":"<p>Ciudad Aut\u00f3noma de Buenos Aires, octubre de 2015.<\/p>\n<p><span style=\"line-height: 1.21em; font-size: 12.16px;\"><a href=\"https:\/\/www.inet.edu.ar\/wp-content\/uploads\/2015\/11\/Firma-convenio-DNV.png\"><img loading=\"lazy\" decoding=\"async\" class=\"alignleft size-thumbnail wp-image-8526\" title=\"convenio marco de cooperaci\u00f3n entre el INET, la DNV y el INSPT  2015\" src=\"https:\/\/www.inet.edu.ar\/wp-content\/uploads\/2015\/11\/Firma-convenio-DNV-150x100.png\" alt=\"\" width=\"150\" height=\"100\" \/><\/a>El Instituto Nacional de Educaci\u00f3n Tecnol\u00f3gica, organismo del Ministerio de Educaci\u00f3n de la Naci\u00f3n; la Direcci\u00f3n Nacional de Vialidad, organismo del Ministerio de Planificaci\u00f3n Federal, Inversi\u00f3n P\u00fablica y Servicios; y el Instituto Nacional Superior del Profesorado T\u00e9cnico, dependiente de la Universidad Tecnol\u00f3gica Nacional, firmaron un convenio marco de cooperaci\u00f3n, con el objetivo de propiciar el crecimiento y desarrollo tecnol\u00f3gico de la Industria argentina. El acto tuvo lugar en la sede de la Supervisi\u00f3n de Escuelas T\u00e9cnicas de la Direcci\u00f3n Nacional de Vialidad.<\/span><\/p>\n<p><span style=\"line-height: 1.21em; font-size: 12.16px;\">Los firmantes del convenio fueron, el director ejecutivo del INET, <\/span><strong style=\"line-height: 1.21em; font-size: 12.16px;\">Prof. Eduardo Aragundi<\/strong><span style=\"line-height: 1.21em; font-size: 12.16px;\">; el administrador general de la DNV<\/span><strong style=\"line-height: 1.21em; font-size: 12.16px;\">, Ing. Nelson Periotti<\/strong><span style=\"line-height: 1.21em; font-size: 12.16px;\">; y el director del INSPT, <\/span><strong style=\"line-height: 1.21em; font-size: 12.16px;\">Arq. Luis A. de Marco<\/strong><span style=\"line-height: 1.21em; font-size: 12.16px;\">.<\/span><\/p>\n<p><span style=\"line-height: 1.21em; font-size: 12.16px;\">Durante la reuni\u00f3n se analizaron tem\u00e1ticas relacionadas con la trayectoria educativa, anterior y vigente, de las instituciones t\u00e9cnicas de la DNV. Asimismo, se convers\u00f3 acerca de la posibilidad de incorporar la especialidad \u201cT\u00e9cnico Superior en obras viales\u201d, a la Red Nacional Aulas Talleres M\u00f3viles. Estas unidades m\u00f3viles son estructuras transportables que reproducen las condiciones de un aula taller de la modalidad t\u00e9cnica, y se utilizan para desarrollar las pr\u00e1cticas formativas que los estudiantes necesitan. Mediante un sistema de rotaci\u00f3n interna en cada provincia del pa\u00eds, se instalan en aquellas zonas en donde el acceso a una Formaci\u00f3n Profesional y Capacitaci\u00f3n laboral es limitado.<\/span><\/p>\n<p><span style=\"line-height: 1.21em; font-size: 12.16px;\">Participaron del encuentro, el director nacional de Educaci\u00f3n T\u00e9cnico Profesional y Ocupacional del INET, <\/span><strong style=\"line-height: 1.21em; font-size: 12.16px;\">Ing. Gustavo Peltzer,<\/strong><span style=\"line-height: 1.21em; font-size: 12.16px;\"> el coordinador de Educaci\u00f3n T\u00e9cnica del INET, \u00a0<\/span><strong style=\"line-height: 1.21em; font-size: 12.16px;\">Lic. Claudio Salatino<\/strong><span style=\"line-height: 1.21em; font-size: 12.16px;\">; el coordinador de distritos de la DNV, <\/span><strong style=\"line-height: 1.21em; font-size: 12.16px;\">Tec. Rodolfo Villa;<\/strong><span style=\"line-height: 1.21em; font-size: 12.16px;\"> los supervisores de escuelas t\u00e9cnicas viales, \u00a0<\/span><strong style=\"line-height: 1.21em; font-size: 12.16px;\">Arq. Jos\u00e9 Luis Pugliese \u00a0\u00a0<\/strong><span style=\"line-height: 1.21em; font-size: 12.16px;\">y el <\/span><strong style=\"line-height: 1.21em; font-size: 12.16px;\">Ing. Alfredo L\u00f3pez. <\/strong><span style=\"line-height: 1.21em; font-size: 12.16px;\">Por parte del INSPT<\/span><strong style=\"line-height: 1.21em; font-size: 12.16px;\">, <\/strong><span style=\"line-height: 1.21em; font-size: 12.16px;\">estuvo presente el<\/span><strong style=\"line-height: 1.21em; font-size: 12.16px;\"> <\/strong><span style=\"line-height: 1.21em; font-size: 12.16px;\">\u00a0Secretario general, \u00a0<\/span><strong style=\"line-height: 1.21em; font-size: 12.16px;\">Ing. Carlos Rapp<\/strong><span style=\"line-height: 1.21em; font-size: 12.16px;\">.<\/span><\/p>\n<p><strong style=\"line-height: 1.21em; font-size: 12.16px;\">Acerca de los institutos t\u00e9cnicos viales de nivel Secundario y Superior<\/strong><\/p>\n<p><span style=\"font-size: 12.16px; line-height: 1.21em;\">Ante la necesidad de desarrollar el Plan de obras viales y el mantenimiento de las rutas existentes, propuesto por el Gobierno Nacional, los Gobiernos Provinciales y Municipales fueron creadas las escuelas t\u00e9cnicas de vialidad nacional con el objetivo de formar profesionales con competencias acordes a esa coyuntura.<\/span><\/p>\n<p><span style=\"line-height: 1.21em; font-size: 12.16px;\">El t\u00e9cnico egresado en esta especialidad est\u00e1 capacitado en tareas vinculadas al estudio, proyecto, direcci\u00f3n e inspecci\u00f3n de las obras viales. Tambi\u00e9n est\u00e1 capacitado para la realizaci\u00f3n de tareas relacionadas con el estudio de los suelos, los trabajos topogr\u00e1ficos, la evaluaci\u00f3n y el refuerzo de los pavimentos, as\u00ed como en los los estudios de tr\u00e1nsito e impacto ambiental, y la seguridad y se\u00f1alizaci\u00f3n vial.<\/span><\/p>\n<p><strong style=\"line-height: 1.21em; font-size: 12.16px;\"><span style=\"text-decoration: underline;\">Para m\u00e1s informaci\u00f3n<\/span><\/strong><\/p>\n<p><a href=\"http:\/\/www.vialidad.gov.ar\/index.html\">Direcci\u00f3n Nacional de vialidad\u00a0<\/a><\/p>\n<p><a href=\"http:\/\/www.etvn.com.ar\/\">Escuelas T\u00e9cnicas de Vialidad Nacional\u00a0<\/a><\/p>\n<p><a href=\"http:\/\/www.inspt.utn.edu.ar\/index.html\">INSPT, dependiente de la UTN\u00a0<\/a><\/p>\n<p><a href=\"http:\/\/redatm.inet.edu.ar\/\">Red Nacional Aulas Talleres M\u00f3viles\u00a0<\/a><\/p>\n<p><strong>\u00a0Galer\u00eda de im\u00e1genes\u00a0<\/strong><\/p>\n<p><a href=\"https:\/\/www.inet.edu.ar\/wp-content\/uploads\/2015\/11\/vlcsnap-2015-10-29-09h59m07s85.png\"><img loading=\"lazy\" decoding=\"async\" class=\"alignleft size-thumbnail wp-image-8529\" title=\"convenio marco de cooperaci\u00f3n entre el INET, la DNV y el INSPT  2015\" src=\"https:\/\/www.inet.edu.ar\/wp-content\/uploads\/2015\/11\/vlcsnap-2015-10-29-09h59m07s85-150x100.png\" alt=\"\" width=\"150\" height=\"100\" \/><\/a><a href=\"https:\/\/www.inet.edu.ar\/wp-content\/uploads\/2015\/11\/vlcsnap-2015-10-29-09h58m49s169.png\"><img loading=\"lazy\" decoding=\"async\" class=\"alignleft size-thumbnail wp-image-8528\" title=\"convenio marco de cooperaci\u00f3n entre el INET, la DNV y el INSPT \" src=\"https:\/\/www.inet.edu.ar\/wp-content\/uploads\/2015\/11\/vlcsnap-2015-10-29-09h58m49s169-150x100.png\" alt=\"\" width=\"150\" height=\"100\" \/><\/a><a href=\"https:\/\/www.inet.edu.ar\/wp-content\/uploads\/2015\/11\/vlcsnap-2015-10-29-09h59m27s24.png\"><img loading=\"lazy\" decoding=\"async\" class=\"alignleft size-thumbnail wp-image-8527\" title=\"Firma de convenio marco de cooperaci\u00f3n entre el INET, la DNV y el INSPT  2015\" src=\"https:\/\/www.inet.edu.ar\/wp-content\/uploads\/2015\/11\/vlcsnap-2015-10-29-09h59m27s24-150x100.png\" alt=\"\" width=\"150\" height=\"100\" \/><\/a><\/p>\n","protected":false},"excerpt":{"rendered":"<p>Ciudad Aut\u00f3noma de Buenos Aires, octubre de 2015. El Instituto Nacional de Educaci\u00f3n Tecnol\u00f3gica, organismo del Ministerio de Educaci\u00f3n de la Naci\u00f3n; la Direcci\u00f3n Nacional de Vialidad, organismo del Ministerio de Planificaci\u00f3n Federal, Inversi\u00f3n P\u00fablica y Servicios; y el Instituto Nacional Superior del Profesorado T\u00e9cnico, dependiente de la Universidad Tecnol\u00f3gica Nacional, firmaron un convenio marco [&hellip;]<\/p>\n","protected":false},"author":3,"featured_media":8526,"comment_status":"closed","ping_status":"open","sticky":false,"template":"","format":"standard","meta":{"footnotes":""},"categories":[1],"tags":[],"class_list":["post-8523","post","type-post","status-publish","format-standard","has-post-thumbnail","hentry","category-noticias"],"_links":{"self":[{"href":"https:\/\/www.inet.edu.ar\/index.php\/wp-json\/wp\/v2\/posts\/8523","targetHints":{"allow":["GET"]}}],"collection":[{"href":"https:\/\/www.inet.edu.ar\/index.php\/wp-json\/wp\/v2\/posts"}],"about":[{"href":"https:\/\/www.inet.edu.ar\/index.php\/wp-json\/wp\/v2\/types\/post"}],"author":[{"embeddable":true,"href":"https:\/\/www.inet.edu.ar\/index.php\/wp-json\/wp\/v2\/users\/3"}],"replies":[{"embeddable":true,"href":"https:\/\/www.inet.edu.ar\/index.php\/wp-json\/wp\/v2\/comments?post=8523"}],"version-history":[{"count":5,"href":"https:\/\/www.inet.edu.ar\/index.php\/wp-json\/wp\/v2\/posts\/8523\/revisions"}],"predecessor-version":[{"id":8533,"href":"https:\/\/www.inet.edu.ar\/index.php\/wp-json\/wp\/v2\/posts\/8523\/revisions\/8533"}],"wp:featuredmedia":[{"embeddable":true,"href":"https:\/\/www.inet.edu.ar\/index.php\/wp-json\/wp\/v2\/media\/8526"}],"wp:attachment":[{"href":"https:\/\/www.inet.edu.ar\/index.php\/wp-json\/wp\/v2\/media?parent=8523"}],"wp:term":[{"taxonomy":"category","embeddable":true,"href":"https:\/\/www.inet.edu.ar\/index.php\/wp-json\/wp\/v2\/categories?post=8523"},{"taxonomy":"post_tag","embeddable":true,"href":"https:\/\/www.inet.edu.ar\/index.php\/wp-json\/wp\/v2\/tags?post=8523"}],"curies":[{"name":"wp","href":"https:\/\/api.w.org\/{rel}","templated":true}]}}