{"id":8667,"date":"2015-11-25T12:50:50","date_gmt":"2015-11-25T15:50:50","guid":{"rendered":"https:\/\/www.inet.edu.ar\/?p=8667"},"modified":"2015-11-26T11:25:23","modified_gmt":"2015-11-26T14:25:23","slug":"se-realizo-un-acto-de-reconocimiento-a-egresados-de-la-estrategia-finestec-de-todo-el-pais","status":"publish","type":"post","link":"https:\/\/www.inet.edu.ar\/index.php\/se-realizo-un-acto-de-reconocimiento-a-egresados-de-la-estrategia-finestec-de-todo-el-pais\/","title":{"rendered":"Se realiz\u00f3 un acto de reconocimiento a egresados de la estrategia FinEsTec de todo el  pa\u00eds"},"content":{"rendered":"<p><span style=\"font-size: 12.16px; line-height: 1.21em;\">Ciudad Aut\u00f3noma de Buenos Aires, 24 de noviembre de 2015<\/span><\/p>\n<p><span style=\"line-height: 1.21em; font-size: 12.16px;\"><a href=\"https:\/\/www.inet.edu.ar\/wp-content\/uploads\/2015\/11\/DSC_08112.jpg\"><img loading=\"lazy\" decoding=\"async\" class=\"alignleft size-thumbnail wp-image-8670\" title=\"Egresados FinEsTec 2015\" src=\"https:\/\/www.inet.edu.ar\/wp-content\/uploads\/2015\/11\/DSC_08112-150x100.jpg\" alt=\"\" width=\"150\" height=\"100\" srcset=\"https:\/\/www.inet.edu.ar\/wp-content\/uploads\/2015\/11\/DSC_08112-150x100.jpg 150w, https:\/\/www.inet.edu.ar\/wp-content\/uploads\/2015\/11\/DSC_08112-240x160.jpg 240w, https:\/\/www.inet.edu.ar\/wp-content\/uploads\/2015\/11\/DSC_08112-468x312.jpg 468w\" sizes=\"auto, (max-width: 150px) 100vw, 150px\" \/><\/a>El director ejecutivo del Instituto Nacional de Educaci\u00f3n Tecnol\u00f3gica (INET), <\/span><strong style=\"line-height: 1.21em; font-size: 12.16px;\">Eduardo Aragundi<\/strong><span style=\"line-height: 1.21em; font-size: 12.16px;\">,<\/span><strong style=\"line-height: 1.21em; font-size: 12.16px;\"> <\/strong><span style=\"line-height: 1.21em; font-size: 12.16px;\">el director nacional del Centro Nacional de\u00a0 Educaci\u00f3n Tecnol\u00f3gica (CeNET), <\/span><strong style=\"line-height: 1.21em; font-size: 12.16px;\">Fernando Paoletti<\/strong><span style=\"line-height: 1.21em; font-size: 12.16px;\"> y la coordinadora de la estrategia federal de finalizaci\u00f3n de estudios secundarios t\u00e9cnicos (FinEsTec), <\/span><strong style=\"line-height: 1.21em; font-size: 12.16px;\">Beatriz Uralde<\/strong><span style=\"line-height: 1.21em; font-size: 12.16px;\">, encabezaron un acto de reconocimiento para estudiantes de todo el pa\u00eds que terminaron sus estudios secundarios t\u00e9cnicos a trav\u00e9s de esta estrategia. El evento tuvo sede en las instalaciones del INET.<\/span><\/p>\n<p><span style=\"line-height: 1.21em; font-size: 12.16px;\">Participaron de este homenaje, egresados de las provincias de Buenos Aires, Catamarca, Chaco, Chubut, Ciudad Aut\u00f3noma de Buenos Aires, C\u00f3rdoba, Corrientes, Entre R\u00edos, La Rioja, Mendoza, Misiones, Salta, San Juan, Santiago del Estero, y Tucum\u00e1n, que representan a 3250 egresados de todo el pa\u00eds incorporados al programa FinEsTec.<\/span><\/p>\n<p><span style=\"line-height: 1.21em; font-size: 12.16px;\">Estuvieron presentes el director de Educaci\u00f3n T\u00e9cnica de la provincia de Buenos Aires, <\/span><strong style=\"line-height: 1.21em; font-size: 12.16px;\">Gerardo Marchesini<\/strong><span style=\"line-height: 1.21em; font-size: 12.16px;\">, la referente t\u00e9cnico pol\u00edtico ante el INET de la Ciudad Aut\u00f3noma de Buenos Aires, <\/span><strong style=\"line-height: 1.21em; font-size: 12.16px;\">Graciela Uequ\u00edn<\/strong><span style=\"line-height: 1.21em; font-size: 12.16px;\">,\u00a0 y, representantes de Colegios T\u00e9cnicos, \u00a0de CETERA, de SMATA, de UOCRA, del AMET, del IERIC,\u00a0 y del COPITEC.<\/span><\/p>\n<p><span style=\"line-height: 1.21em; font-size: 12.16px;\">Acompa\u00f1aron a las autoridades los referentes jurisdiccionales y coordinadores pedag\u00f3gicos de FinEsTec de todo el pa\u00eds .<\/span><\/p>\n<p>El director ejecutivo del INET manifest\u00f3: \u201cFinEsTec es una estrategia federal aprobada por el Consejo Federal de Educaci\u00f3n en consenso con todas las provincias del pa\u00eds\u201d<\/p>\n<p><span style=\"font-size: 12.16px; line-height: 1.21em;\">En la ocasi\u00f3n, <\/span><strong style=\"font-size: 12.16px; line-height: 1.21em;\">Jorge V\u00e1zquez<\/strong><span style=\"font-size: 12.16px; line-height: 1.21em;\">, un egresado de la provincia de Formosa manifest\u00f3: \u201cEs un orgullo para m\u00ed completar este objetivo. No solo es valioso para m\u00ed tener un t\u00edtulo secundario sino tener un t\u00edtulo T\u00e9cnico. Por eso doy gracias al INET y al Polit\u00e9cnico de Berazategui por darme la facilidad y la buena voluntad de sus profesionales para que yo pueda llegar a esta meta tan valiosa . Con este t\u00edtulo me est\u00e1n esperando para que pueda recibirme como locutor y luego seguir la carrera de productor audiovisual\u201d\u00a0<\/span><\/p>\n<p><span style=\"font-size: 12.16px; line-height: 1.21em;\">Para destacar la condici\u00f3n federal de esta estrategia, cabe mencionar que este egresado hab\u00eda cursado sus estudios secundarios en su provincia de origen sin finalizarlos. Luego, migr\u00f3 a la provincia de Buenos Aires para radicarse all\u00ed. A trav\u00e9s de FinEsTec tuvo un acompa\u00f1amiento pedag\u00f3gico en una instituci\u00f3n de la provincia de Buenos Aires que lo ayudo a terminar sus estudios secundarios t\u00e9cnicos y recibi\u00f3 su t\u00edtulo t\u00e9cnico en la escuela de su provincia de origen.<\/span><\/p>\n<p><span style=\"font-size: 12.16px; line-height: 1.21em;\">Durante el acto, el Prof. Aragundi agreg\u00f3:\u201cEsta es una experiencia importante por lo que significa para el futuro de cada uno de ustedes. Es tambi\u00e9n un momento muy especial, porque hemos podido convertir FinEsTec en un derecho y los derechos no se agradecen\u201d.<\/span><\/p>\n<p><span style=\"line-height: 1.21em; font-size: 12.16px;\">Asimismo, el director ejecutivo del INET se\u00f1al\u00f3 la importancia del v\u00ednculo entre los estudiantes y sus docentes y sostuvo: \u201cEnse\u00f1ar es una relaci\u00f3n dial\u00e9ctica y no hay ense\u00f1anza sin aprendizaje. La ense\u00f1anza es un arte y \u00a0por eso podemos decir que los docentes descubren el potencial que los estudiantes ya ten\u00edan. FinEsTec ha sido posible a trav\u00e9s de ustedes\u201d<\/span><\/p>\n<p><span style=\"line-height: 1.21em; font-size: 12.16px;\">Luego del acto los egresados y los coordinadores de FinEsTec pudieron compartir sus experiencias, recorrer los laboratorios del INET y recibir capacitaciones del CeNET.<\/span><\/p>\n<p><strong style=\"line-height: 1.21em; font-size: 12.16px;\">Acerca de FinEsTec<\/strong><\/p>\n<p><span style=\"line-height: 1.21em; font-size: 12.16px;\">FinEsTec es una estrategia federal presentada en la Comisi\u00f3n Federal para la Educaci\u00f3n T\u00e9cnico Profesional, y aprobada por el Consejo Federal de Educaci\u00f3n bajo la resoluci\u00f3n <a href=\"https:\/\/www.inet.edu.ar\/wp-content\/uploads\/2012\/10\/208-13.pdf\">CFE 208\/13<\/a>. Fue dise\u00f1ada para quienes terminaron de cursar el \u00faltimo a\u00f1o en una escuela t\u00e9cnica y les quedan pendientes materias para obtener el t\u00edtulo t\u00e9cnico de nivel secundario.<\/span><\/p>\n<p><span style=\"line-height: 1.21em; font-size: 12.16px;\">Este programa rige actualmente en todo el pa\u00eds para las especialidades Maestro Mayor de Obras, Electromec\u00e1nica, Inform\u00e1tica, Electr\u00f3nica y Agropecuaria. Algunas jurisdicciones incluyen otras especialidades.<\/span><\/p>\n<p><span style=\"line-height: 1.21em; font-size: 12.16px;\">Cabe resaltar que en octubre de 2014 FinEsTec contaba con 500\u00a0 egresados. Un a\u00f1o m\u00e1s tarde esta estrategia sextuplic\u00f3 este n\u00famero y cuenta con m\u00e1s de 3252 egresados y\u00a0con 11.000 estudiantes incorporados.<\/span><\/p>\n<p><strong>Para m\u00e1s informaci\u00f3n:<\/strong><\/p>\n<p><a href=\"https:\/\/www.inet.edu.ar\/politicas-y-programas\/finestec\/\">FinEsTec<\/a><\/p>\n<p><a href=\"https:\/\/www.facebook.com\/INET.ETP\/?fref=ts\">Galer\u00eda de im\u00e1genes en la p\u00e1gina Facebook del INET<\/a><\/p>\n","protected":false},"excerpt":{"rendered":"<p>Ciudad Aut\u00f3noma de Buenos Aires, 24 de noviembre de 2015 El director ejecutivo del Instituto Nacional de Educaci\u00f3n Tecnol\u00f3gica (INET), Eduardo Aragundi, el director nacional del Centro Nacional de\u00a0 Educaci\u00f3n Tecnol\u00f3gica (CeNET), Fernando Paoletti y la coordinadora de la estrategia federal de finalizaci\u00f3n de estudios secundarios t\u00e9cnicos (FinEsTec), Beatriz Uralde, encabezaron un acto de reconocimiento [&hellip;]<\/p>\n","protected":false},"author":3,"featured_media":8670,"comment_status":"closed","ping_status":"open","sticky":false,"template":"","format":"standard","meta":{"footnotes":""},"categories":[1],"tags":[],"class_list":["post-8667","post","type-post","status-publish","format-standard","has-post-thumbnail","hentry","category-noticias"],"_links":{"self":[{"href":"https:\/\/www.inet.edu.ar\/index.php\/wp-json\/wp\/v2\/posts\/8667","targetHints":{"allow":["GET"]}}],"collection":[{"href":"https:\/\/www.inet.edu.ar\/index.php\/wp-json\/wp\/v2\/posts"}],"about":[{"href":"https:\/\/www.inet.edu.ar\/index.php\/wp-json\/wp\/v2\/types\/post"}],"author":[{"embeddable":true,"href":"https:\/\/www.inet.edu.ar\/index.php\/wp-json\/wp\/v2\/users\/3"}],"replies":[{"embeddable":true,"href":"https:\/\/www.inet.edu.ar\/index.php\/wp-json\/wp\/v2\/comments?post=8667"}],"version-history":[{"count":14,"href":"https:\/\/www.inet.edu.ar\/index.php\/wp-json\/wp\/v2\/posts\/8667\/revisions"}],"predecessor-version":[{"id":8672,"href":"https:\/\/www.inet.edu.ar\/index.php\/wp-json\/wp\/v2\/posts\/8667\/revisions\/8672"}],"wp:featuredmedia":[{"embeddable":true,"href":"https:\/\/www.inet.edu.ar\/index.php\/wp-json\/wp\/v2\/media\/8670"}],"wp:attachment":[{"href":"https:\/\/www.inet.edu.ar\/index.php\/wp-json\/wp\/v2\/media?parent=8667"}],"wp:term":[{"taxonomy":"category","embeddable":true,"href":"https:\/\/www.inet.edu.ar\/index.php\/wp-json\/wp\/v2\/categories?post=8667"},{"taxonomy":"post_tag","embeddable":true,"href":"https:\/\/www.inet.edu.ar\/index.php\/wp-json\/wp\/v2\/tags?post=8667"}],"curies":[{"name":"wp","href":"https:\/\/api.w.org\/{rel}","templated":true}]}}