{"id":9051,"date":"2016-01-26T18:11:28","date_gmt":"2016-01-26T21:11:28","guid":{"rendered":"https:\/\/www.inet.edu.ar\/?p=9051"},"modified":"2016-01-26T18:18:32","modified_gmt":"2016-01-26T21:18:32","slug":"el-uso-de-las-tic-en-la-educacion-tecnico-profesional","status":"publish","type":"post","link":"https:\/\/www.inet.edu.ar\/index.php\/el-uso-de-las-tic-en-la-educacion-tecnico-profesional\/","title":{"rendered":"La importancia de las TIC en la Educaci\u00f3n T\u00e9cnico Profesional"},"content":{"rendered":"<p style=\"text-align: left;\" align=\"center\"><span style=\"font-size: 12.16px; line-height: 1.21em;\"><img loading=\"lazy\" decoding=\"async\" class=\"alignleft size-thumbnail wp-image-9052\" title=\"El uso de las TIC en la Educaci\u00f3n T\u00e9cnico Profesional\" src=\"https:\/\/www.inet.edu.ar\/wp-content\/uploads\/2016\/01\/MG_2244-150x100.jpg\" alt=\"\" width=\"150\" height=\"100\" srcset=\"https:\/\/www.inet.edu.ar\/wp-content\/uploads\/2016\/01\/MG_2244-150x100.jpg 150w, https:\/\/www.inet.edu.ar\/wp-content\/uploads\/2016\/01\/MG_2244-240x159.jpg 240w, https:\/\/www.inet.edu.ar\/wp-content\/uploads\/2016\/01\/MG_2244-468x311.jpg 468w, https:\/\/www.inet.edu.ar\/wp-content\/uploads\/2016\/01\/MG_2244.jpg 1475w\" sizes=\"auto, (max-width: 150px) 100vw, 150px\" \/>El desarrollo de las Tecnolog\u00edas de la Informaci\u00f3n y Comunicaci\u00f3n (TIC) y sus aplicaciones se ha involucrado en nuestras relaciones sociales de tal modo que nos exige participar activamente a trav\u00e9s de ellas para vincularnos con nuestro entorno, tener una formaci\u00f3n adecuada y un trabajo de calidad.<\/span><\/p>\n<p><span style=\"line-height: 1.21em; font-size: 12.16px;\">Los objetivos a alcanzar desde las TIC permiten modernizar el hardware, garantizar la conectividad y desarrollar plataformas y contenidos con tecnolog\u00eda de punta que permitan optimizar el alcance y los procesos de su uso. \u00a0 \u00a0 \u00a0<\/span><\/p>\n<p><span style=\"line-height: 1.21em; font-size: 12.16px;\">En el caso de las TIC aplicadas al sector educativo, adem\u00e1s de los objetivos mencionados anteriormente, se espera capacitar a alumnos de las distintas modalidades de la ETP, docentes, directivos y administradores de red escolar en el uso de estas tecnolog\u00edas de la informaci\u00f3n y la comunicaci\u00f3n tanto en capacitaciones a distancia como presenciales.<\/span><\/p>\n<p><span style=\"line-height: 1.21em; font-size: 12.16px;\">En la Educaci\u00f3n T\u00e9cnico Profesional (ETP) argentina, existe un Programa Federal denominado Piso Tecnol\u00f3gico para la ETP, aprobado por el Consejo Federal de Educaci\u00f3n y con aplicaci\u00f3n desde el Instituto Nacional de Educaci\u00f3n Tecnol\u00f3gica (dependiente del Ministerio de Educaci\u00f3n y Deportes de la Naci\u00f3n), que garantizar\u00e1 que todas las escuelas secundarias t\u00e9cnicas de gesti\u00f3n estatal del pa\u00eds cuenten con un servidor escolar y\u00a0 una adecuada red de datos para compartir y distribuir contenidos entre los distintos espacios formativos.<\/span><\/p>\n<p><span style=\"line-height: 1.21em; font-size: 12.16px;\">A trav\u00e9s de la implementaci\u00f3n de este Programa Federal Piso Tecnol\u00f3gico para la ETP, se espera optimizar los procesos de ense\u00f1anza y de aprendizaje permitiendo un mejor aprovechamiento del modelo 1 a 1 con las netbooks, que facilite la incorporaci\u00f3n de las TICS a la curr\u00edcula por parte de los docentes.<\/span><\/p>\n<p><span style=\"font-size: 12.16px; line-height: 1.21em;\">Para ello se cuenta tambi\u00e9n con la colaboraci\u00f3n de los Administradores de Red, que son profesionales que se encuentran dentro de las escuelas y que solucionan problem\u00e1ticas en torno al uso de los equipos, y asisten a los docentes para gestionar la informaci\u00f3n que \u00e9stos desean subir al servidor y compartir en red para el uso de la tecnolog\u00eda en clase. \u00a0 \u00a0<\/span><\/p>\n<p><span style=\"line-height: 1.21em; font-size: 12.16px;\">A su vez, a trav\u00e9s de este Programa as\u00ed como de los Planes de Mejora se espera lograr una mejor articulaci\u00f3n con las provincias para asegurar que las escuelas tengan un equipamiento inform\u00e1tico actualizado en sus aulas y laboratorios, que se potencie el uso de los espacios multimedia, que se apliquen tecnolog\u00edas de punta como las impresoras 3D en las pr\u00e1cticas formativas, y que se ampl\u00ede y mejore la conectividad.<\/span><\/p>\n<p><span style=\"line-height: 1.21em; font-size: 12.16px;\">Todas estas pr\u00e1cticas de implementaci\u00f3n de las TIC en las escuelas secundarias t\u00e9cnicas se realiza en articulaci\u00f3n con el Programa Nacional Conectar Igualdad.\u00a0<\/span><\/p>\n<p><strong>Para m\u00e1s informaci\u00f3n<\/strong><\/p>\n<p><a href=\"https:\/\/www.inet.edu.ar\/educacion-secundaria-tecnica\/planes-de-mejora-de-la-etp\/piso-tecnologico-tics\/\">TICS &#8211; INET<\/a><\/p>\n<p><a href=\"http:\/\/www.conectarigualdad.gob.ar\/\">Conectar igualdad\u00a0<\/a><\/p>\n<p><a href=\"https:\/\/www.inet.edu.ar\/wp-content\/uploads\/2013\/05\/196-13.pdf\">Programa Federal Piso Tecnol\u00f3gico TIC Resoluci\u00f3n CFE N\u00ba 196\/13<\/a><\/p>\n","protected":false},"excerpt":{"rendered":"<p>El desarrollo de las Tecnolog\u00edas de la Informaci\u00f3n y Comunicaci\u00f3n (TIC) y sus aplicaciones se ha involucrado en nuestras relaciones sociales de tal modo que nos exige participar activamente a trav\u00e9s de ellas para vincularnos con nuestro entorno, tener una formaci\u00f3n adecuada y un trabajo de calidad. Los objetivos a alcanzar desde las TIC permiten [&hellip;]<\/p>\n","protected":false},"author":3,"featured_media":9052,"comment_status":"closed","ping_status":"open","sticky":false,"template":"","format":"standard","meta":{"footnotes":""},"categories":[1],"tags":[],"class_list":["post-9051","post","type-post","status-publish","format-standard","has-post-thumbnail","hentry","category-noticias"],"_links":{"self":[{"href":"https:\/\/www.inet.edu.ar\/index.php\/wp-json\/wp\/v2\/posts\/9051","targetHints":{"allow":["GET"]}}],"collection":[{"href":"https:\/\/www.inet.edu.ar\/index.php\/wp-json\/wp\/v2\/posts"}],"about":[{"href":"https:\/\/www.inet.edu.ar\/index.php\/wp-json\/wp\/v2\/types\/post"}],"author":[{"embeddable":true,"href":"https:\/\/www.inet.edu.ar\/index.php\/wp-json\/wp\/v2\/users\/3"}],"replies":[{"embeddable":true,"href":"https:\/\/www.inet.edu.ar\/index.php\/wp-json\/wp\/v2\/comments?post=9051"}],"version-history":[{"count":4,"href":"https:\/\/www.inet.edu.ar\/index.php\/wp-json\/wp\/v2\/posts\/9051\/revisions"}],"predecessor-version":[{"id":9056,"href":"https:\/\/www.inet.edu.ar\/index.php\/wp-json\/wp\/v2\/posts\/9051\/revisions\/9056"}],"wp:featuredmedia":[{"embeddable":true,"href":"https:\/\/www.inet.edu.ar\/index.php\/wp-json\/wp\/v2\/media\/9052"}],"wp:attachment":[{"href":"https:\/\/www.inet.edu.ar\/index.php\/wp-json\/wp\/v2\/media?parent=9051"}],"wp:term":[{"taxonomy":"category","embeddable":true,"href":"https:\/\/www.inet.edu.ar\/index.php\/wp-json\/wp\/v2\/categories?post=9051"},{"taxonomy":"post_tag","embeddable":true,"href":"https:\/\/www.inet.edu.ar\/index.php\/wp-json\/wp\/v2\/tags?post=9051"}],"curies":[{"name":"wp","href":"https:\/\/api.w.org\/{rel}","templated":true}]}}