{"id":9171,"date":"2016-02-10T18:41:45","date_gmt":"2016-02-10T21:41:45","guid":{"rendered":"https:\/\/www.inet.edu.ar\/?p=9171"},"modified":"2016-02-11T08:31:19","modified_gmt":"2016-02-11T11:31:19","slug":"nos-reunimos-con-el-ministro-de-educacion-de-san-juan","status":"publish","type":"post","link":"https:\/\/www.inet.edu.ar\/index.php\/nos-reunimos-con-el-ministro-de-educacion-de-san-juan\/","title":{"rendered":"Nos reunimos con el ministro de Educaci\u00f3n de San Juan"},"content":{"rendered":"<p><a href=\"https:\/\/www.inet.edu.ar\/wp-content\/uploads\/2016\/02\/Reunion-del-director-del-INET-con-el-ministro-de-Educaci\u00f3n-de-San-Juan.jpg\"><img loading=\"lazy\" decoding=\"async\" class=\"alignleft size-thumbnail wp-image-9175\" title=\"Reunion del director del INET con el ministro de Educaci\u00f3n de San Juan\" src=\"https:\/\/www.inet.edu.ar\/wp-content\/uploads\/2016\/02\/Reunion-del-director-del-INET-con-el-ministro-de-Educaci\u00f3n-de-San-Juan-150x100.jpg\" alt=\"\" width=\"150\" height=\"100\" \/><\/a>Ciudad Aut\u00f3noma de Buenos Aires, 10 de febrero de 2016<\/p>\n<p>El director ejecutivo del Instituto Nacional de Educaci\u00f3n Tecnol\u00f3gica (INET),\u00a0<strong>Gabriel S\u00e1nchez Zinny<\/strong>, recibi\u00f3 al ministro de Educaci\u00f3n de San Juan,\u00a0<strong>Felipe de los R\u00edos<\/strong>, para establecer una agenda conjunta con el fin de vincular a las instituciones t\u00e9cnicas con el sector socio productivo.<\/p>\n<p>Participaron del encuentro la directora de Asuntos Federales del INET, <strong>Graciela Uequ\u00edn<\/strong>, y representantes del equipo del ministerio provincial.<\/p>\n<p>En este sentido, el titular de la cartera educativa de San Juan manifest\u00f3: <em>\u201cVenimos desarrollando una l\u00ednea de asistencia con el INET acerca de construir un nuevo modelo de gesti\u00f3n de la Educaci\u00f3n T\u00e9cnico Profesional que tenga como principio la calidad en la formaci\u00f3n basada en capacidades y competencias pero en concordancia con el sector socio productivo. Y en esa l\u00ednea estamos desarrollando varios proyectos: se ha firmado un convenio bilateral con el ministro de Educaci\u00f3n y Deportes de la Naci\u00f3n, un acta complementaria con el INET, y tenemos ahora el objetivo de fortalecer esto con un seminario del <a href=\"https:\/\/www.inet.edu.ar\/institucional\/conetyp\/\" target=\"_blank\">CoNETyP<\/a>\u201d.<\/em><\/p>\n<p>Al respecto, el director del INET coincidi\u00f3 en la importancia de conectar la oferta educativa de las instituciones t\u00e9cnicas de la regi\u00f3n con la demanda laboral. <em>\u00abLa relaci\u00f3n con el mundo productivo, con la empleabilidad es muy importante para el INET\u00bb.<\/em><\/p>\n<p><strong>Galer\u00eda de im\u00e1genes<\/strong><\/p>\n<p><a href=\"https:\/\/www.inet.edu.ar\/wp-content\/uploads\/2016\/02\/Reunion-del-director-del-INET-con-el-ministro-de-Educaci\u00f3n-de-San-Juan-2.jpg\"><img loading=\"lazy\" decoding=\"async\" class=\"alignleft size-thumbnail wp-image-9178\" title=\"Reunion del director del INET con el ministro de Educaci\u00f3n de San Juan 2\" src=\"https:\/\/www.inet.edu.ar\/wp-content\/uploads\/2016\/02\/Reunion-del-director-del-INET-con-el-ministro-de-Educaci\u00f3n-de-San-Juan-2-150x100.jpg\" alt=\"\" width=\"150\" height=\"100\" \/><\/a><em><a href=\"https:\/\/www.inet.edu.ar\/wp-content\/uploads\/2016\/02\/Director-del-INET-con-el-ministro-de-San-Juan.jpg\"><img loading=\"lazy\" decoding=\"async\" class=\"alignleft size-thumbnail wp-image-9179\" title=\"Director del INET con el ministro de San Juan\" src=\"https:\/\/www.inet.edu.ar\/wp-content\/uploads\/2016\/02\/Director-del-INET-con-el-ministro-de-San-Juan-150x100.jpg\" alt=\"\" width=\"150\" height=\"100\" srcset=\"https:\/\/www.inet.edu.ar\/wp-content\/uploads\/2016\/02\/Director-del-INET-con-el-ministro-de-San-Juan-150x100.jpg 150w, https:\/\/www.inet.edu.ar\/wp-content\/uploads\/2016\/02\/Director-del-INET-con-el-ministro-de-San-Juan-240x159.jpg 240w, https:\/\/www.inet.edu.ar\/wp-content\/uploads\/2016\/02\/Director-del-INET-con-el-ministro-de-San-Juan-468x310.jpg 468w\" sizes=\"auto, (max-width: 150px) 100vw, 150px\" \/><\/a><br \/>\n<\/em><\/p>\n","protected":false},"excerpt":{"rendered":"<p>Ciudad Aut\u00f3noma de Buenos Aires, 10 de febrero de 2016 El director ejecutivo del Instituto Nacional de Educaci\u00f3n Tecnol\u00f3gica (INET),\u00a0Gabriel S\u00e1nchez Zinny, recibi\u00f3 al ministro de Educaci\u00f3n de San Juan,\u00a0Felipe de los R\u00edos, para establecer una agenda conjunta con el fin de vincular a las instituciones t\u00e9cnicas con el sector socio productivo. Participaron del encuentro [&hellip;]<\/p>\n","protected":false},"author":7,"featured_media":9175,"comment_status":"closed","ping_status":"open","sticky":false,"template":"","format":"standard","meta":{"footnotes":""},"categories":[1],"tags":[],"class_list":["post-9171","post","type-post","status-publish","format-standard","has-post-thumbnail","hentry","category-noticias"],"_links":{"self":[{"href":"https:\/\/www.inet.edu.ar\/index.php\/wp-json\/wp\/v2\/posts\/9171","targetHints":{"allow":["GET"]}}],"collection":[{"href":"https:\/\/www.inet.edu.ar\/index.php\/wp-json\/wp\/v2\/posts"}],"about":[{"href":"https:\/\/www.inet.edu.ar\/index.php\/wp-json\/wp\/v2\/types\/post"}],"author":[{"embeddable":true,"href":"https:\/\/www.inet.edu.ar\/index.php\/wp-json\/wp\/v2\/users\/7"}],"replies":[{"embeddable":true,"href":"https:\/\/www.inet.edu.ar\/index.php\/wp-json\/wp\/v2\/comments?post=9171"}],"version-history":[{"count":9,"href":"https:\/\/www.inet.edu.ar\/index.php\/wp-json\/wp\/v2\/posts\/9171\/revisions"}],"predecessor-version":[{"id":9183,"href":"https:\/\/www.inet.edu.ar\/index.php\/wp-json\/wp\/v2\/posts\/9171\/revisions\/9183"}],"wp:featuredmedia":[{"embeddable":true,"href":"https:\/\/www.inet.edu.ar\/index.php\/wp-json\/wp\/v2\/media\/9175"}],"wp:attachment":[{"href":"https:\/\/www.inet.edu.ar\/index.php\/wp-json\/wp\/v2\/media?parent=9171"}],"wp:term":[{"taxonomy":"category","embeddable":true,"href":"https:\/\/www.inet.edu.ar\/index.php\/wp-json\/wp\/v2\/categories?post=9171"},{"taxonomy":"post_tag","embeddable":true,"href":"https:\/\/www.inet.edu.ar\/index.php\/wp-json\/wp\/v2\/tags?post=9171"}],"curies":[{"name":"wp","href":"https:\/\/api.w.org\/{rel}","templated":true}]}}