{"id":9187,"date":"2016-02-11T15:18:35","date_gmt":"2016-02-11T18:18:35","guid":{"rendered":"https:\/\/www.inet.edu.ar\/?p=9187"},"modified":"2017-04-11T15:57:42","modified_gmt":"2017-04-11T18:57:42","slug":"la-educacion-tecnico-profesional-te-acerca-al-mundo-del-trabajo","status":"publish","type":"post","link":"https:\/\/www.inet.edu.ar\/index.php\/la-educacion-tecnico-profesional-te-acerca-al-mundo-del-trabajo\/","title":{"rendered":"La Educaci\u00f3n T\u00e9cnico Profesional te acerca al mundo del trabajo"},"content":{"rendered":"<p>Una de las caracter\u00edsticas distintivas de la Educaci\u00f3n T\u00e9cnico Profesional es la posibilidad de que los alumnos realicen <strong>pr\u00e1cticas formativas<\/strong> que les permitan obtener experiencia profesional y vinculaci\u00f3n con el campo ocupacional hacia el cual se orienta su formaci\u00f3n.<\/p>\n<p>Estas <strong>pr\u00e1cticas<\/strong> son procesos de aprendizaje, integrados en la propuesta curricular, orientados a promover en los estudiantes el desarrollo de capacidades, conocimientos y destrezas relacionadas con desempe\u00f1os profesionales propios del contexto socio productivo de cada especialidad.<\/p>\n<p>Las <strong>pr\u00e1cticas profesionalizantes<\/strong> pueden llevarse a cabo en distintos entornos de aprendizaje \u2013tanto dentro como fuera del establecimiento escolar\u2013 y organizarse a trav\u00e9s de diversas actividades.<\/p>\n<p>Al respecto, Antonella Camila Dema \u2013estudiante de la Escuela de Ense\u00f1anza Secundaria T\u00e9cnica N\u00ba 2 \u201cAlemania\u201d, San Mart\u00edn, provincia de Buenos Aires\u2013 sostiene que se siente m\u00e1s preparada luego de haber estudiado en una escuela t\u00e9cnica: <em>\u201cTe adapta al mundo actual\u201d, <\/em>manifest\u00f3, <em>\u201cy las pr\u00e1cticas profesionalizantes me capacitan del mejor modo y me preparan para mi futuro profesional\u201d<\/em>. (1)<\/p>\n<p>Desde el INET estamos seguros de que fomentar las <strong>pr\u00e1cticas profesionalizantes<\/strong> permitir\u00e1 una mayor capacitaci\u00f3n de los estudiantes, los posicionar\u00e1 mejor ante las demandas del mundo laboral, y los incentivar\u00e1 para continuar su formaci\u00f3n. De esta manera, se elevar\u00e1 la tasa de egreso y la empleabilidad de los egresados de instituciones de Educaci\u00f3n T\u00e9cnico Profesional.<\/p>\n<p>Como manifest\u00f3 el director ejecutivo del INET, Gabriel S\u00e1nchez Zinny: \u201c<em>Tenemos que seguir trabajando en <\/em><em><em>c\u00f3mo conectar m\u00e1s a la Educaci\u00f3n con la demanda laboral.<\/em> <em>Que \u00a0los alumnos puedan tener una experiencia con el sector socio productivo donde van a trabajar cuando terminen la escuela. Por eso, <em>las pr\u00e1cticas profesionalizantes son una prioridad para nosotros.<\/em><\/em>\u201d<\/em><\/p>\n<p><em>\u00a0<\/em><\/p>\n<p><strong>Para m\u00e1s informaci\u00f3n<\/strong><\/p>\n<ul>\n<li><a href=\"https:\/\/www.inet.edu.ar\/wp-content\/uploads\/2012\/10\/ley-26058.pdf\">Ley de Educaci\u00f3n T\u00e9cnico Profesional N\u00ba 26.058\/05 (art\u00edculos 11, 15 y 16)<\/a><\/li>\n<li>(1)<a href=\"https:\/\/www.inet.edu.ar\/index.php\/estudiantes-de-una-escuela-tecnica-de-la-provincia-de-buenos-aires-representaran-al-pais-en-una-feria-de-ciencia-y-tecnologia-de-brasil\/\">\u00abEstudiantes de una escuela t\u00e9cnica de la provincia de Buenos Aires representar\u00e1n al pa\u00eds en una Feria de Ciencia y Tecnolog\u00eda de Brasil\u00bb<\/a><\/li>\n<\/ul>\n","protected":false},"excerpt":{"rendered":"<p>Una de las caracter\u00edsticas distintivas de la Educaci\u00f3n T\u00e9cnico Profesional es la posibilidad de que los alumnos realicen pr\u00e1cticas formativas que les permitan obtener experiencia profesional y vinculaci\u00f3n con el campo ocupacional hacia el cual se orienta su formaci\u00f3n. Estas pr\u00e1cticas son procesos de aprendizaje, integrados en la propuesta curricular, orientados a promover en los [&hellip;]<\/p>\n","protected":false},"author":7,"featured_media":9189,"comment_status":"closed","ping_status":"open","sticky":false,"template":"","format":"standard","meta":{"footnotes":""},"categories":[1],"tags":[],"class_list":["post-9187","post","type-post","status-publish","format-standard","has-post-thumbnail","hentry","category-noticias"],"_links":{"self":[{"href":"https:\/\/www.inet.edu.ar\/index.php\/wp-json\/wp\/v2\/posts\/9187","targetHints":{"allow":["GET"]}}],"collection":[{"href":"https:\/\/www.inet.edu.ar\/index.php\/wp-json\/wp\/v2\/posts"}],"about":[{"href":"https:\/\/www.inet.edu.ar\/index.php\/wp-json\/wp\/v2\/types\/post"}],"author":[{"embeddable":true,"href":"https:\/\/www.inet.edu.ar\/index.php\/wp-json\/wp\/v2\/users\/7"}],"replies":[{"embeddable":true,"href":"https:\/\/www.inet.edu.ar\/index.php\/wp-json\/wp\/v2\/comments?post=9187"}],"version-history":[{"count":11,"href":"https:\/\/www.inet.edu.ar\/index.php\/wp-json\/wp\/v2\/posts\/9187\/revisions"}],"predecessor-version":[{"id":19314,"href":"https:\/\/www.inet.edu.ar\/index.php\/wp-json\/wp\/v2\/posts\/9187\/revisions\/19314"}],"wp:featuredmedia":[{"embeddable":true,"href":"https:\/\/www.inet.edu.ar\/index.php\/wp-json\/wp\/v2\/media\/9189"}],"wp:attachment":[{"href":"https:\/\/www.inet.edu.ar\/index.php\/wp-json\/wp\/v2\/media?parent=9187"}],"wp:term":[{"taxonomy":"category","embeddable":true,"href":"https:\/\/www.inet.edu.ar\/index.php\/wp-json\/wp\/v2\/categories?post=9187"},{"taxonomy":"post_tag","embeddable":true,"href":"https:\/\/www.inet.edu.ar\/index.php\/wp-json\/wp\/v2\/tags?post=9187"}],"curies":[{"name":"wp","href":"https:\/\/api.w.org\/{rel}","templated":true}]}}